{"id":6271,"date":"2026-04-30T11:00:19","date_gmt":"2026-04-30T09:00:19","guid":{"rendered":"https:\/\/www.olympica.ch\/menu-de-la-fete-des-meres-2026\/"},"modified":"2026-04-30T11:03:55","modified_gmt":"2026-04-30T09:03:55","slug":"menu-de-la-fete-des-meres-2026","status":"publish","type":"post","link":"https:\/\/www.olympica.ch\/fr\/menu-de-la-fete-des-meres-2026\/","title":{"rendered":"Menu de la f\u00eate des m\u00e8res 2026"},"content":{"rendered":"\n<p>Le 10 mai, c'est la f\u00eate des m\u00e8res ! \ud83d\ude0d\ud83e\udd70\ud83c\udf39 Comme les ann\u00e9es pr\u00e9c\u00e9dentes, nous, \u00e0 l'Olympica, consacrerons cette journ\u00e9e particuli\u00e8re avec un menu sp\u00e9cial.  \ud83e\udd42 Que diriez-vous d'un cadeau pour votre maman ador\u00e9e ? Le dimanche dans une semaine est l'occasion parfaite pour le faire. \ud83d\udc4d\u2764\ufe0f Et n'oubliez pas : il y a \u00e9galement de la place pour toute la famille sur notre grande terrasse ensoleill\u00e9e. \ud83d\ude0d R\u00e9servez d\u00e8s aujourd'hui votre table \u00e0 l'Olympica au 027 - 924 35 50 ou info@olympica.ch.<\/p>\n<div class=\"wp-block-image\">\n<figure class=\"aligncenter size-large\"><img loading=\"lazy\" decoding=\"async\" width=\"819\" height=\"1024\" src=\"https:\/\/www.olympica.ch\/wp-content\/uploads\/2026\/04\/Menue-Muttertag-2026sm-819x1024.webp\" alt=\"Menu F&#xEA;te des m&#xE8;res 2026\" class=\"wp-image-6264\" srcset=\"https:\/\/www.olympica.ch\/wp-content\/uploads\/2026\/04\/Menue-Muttertag-2026sm-819x1024.webp 819w, https:\/\/www.olympica.ch\/wp-content\/uploads\/2026\/04\/Menue-Muttertag-2026sm-240x300.webp 240w, https:\/\/www.olympica.ch\/wp-content\/uploads\/2026\/04\/Menue-Muttertag-2026sm-768x960.webp 768w, https:\/\/www.olympica.ch\/wp-content\/uploads\/2026\/04\/Menue-Muttertag-2026sm-1229x1536.webp 1229w, https:\/\/www.olympica.ch\/wp-content\/uploads\/2026\/04\/Menue-Muttertag-2026sm.webp 1500w\" sizes=\"auto, (max-width: 819px) 100vw, 819px\" \/><\/figure>\n<\/div>","protected":false},"excerpt":{"rendered":"<p>Le 10 mai, c'est la f\u00eate des m\u00e8res ! \ud83d\ude0d\ud83e\udd70\ud83c\udf39 Comme les ann\u00e9es pr\u00e9c\u00e9dentes, nous, \u00e0 l'Olympica, consacrerons cette journ\u00e9e particuli\u00e8re avec un menu sp\u00e9cial. \ud83e\udd42 Que diriez-vous d'un cadeau pour votre maman ador\u00e9e ? Le dimanche dans une semaine est l'occasion parfaite pour le faire. \ud83d\udc4d\u2764\ufe0f Et n'oubliez pas : il y a \u00e9galement [&hellip;]<\/p>\n","protected":false},"author":3,"featured_media":3239,"comment_status":"closed","ping_status":"closed","sticky":false,"template":"","format":"standard","meta":{"inline_featured_image":false,"_uag_custom_page_level_css":"","slim_seo":{"title":"Menu de la f\u00eate des m\u00e8res 2026 - Sport &amp; Wellness - Hotel Olympica","description":"Le 10 mai, c'est la f\u00eate des m\u00e8res ! \ud83d\ude0d\ud83e\udd70\ud83c\udf39 Comme les ann\u00e9es pr\u00e9c\u00e9dentes, nous, \u00e0 l'Olympica, consacrerons cette journ\u00e9e particuli\u00e8re avec un menu sp\u00e9cial. \ud83e\udd42 Que d"},"footnotes":""},"categories":[5],"tags":[],"class_list":["post-6271","post","type-post","status-publish","format-standard","has-post-thumbnail","hentry","category-non-classifiee"],"uagb_featured_image_src":{"full":["https:\/\/www.olympica.ch\/wp-content\/uploads\/2024\/05\/muttertag2024thumb.webp",800,438,false],"thumbnail":["https:\/\/www.olympica.ch\/wp-content\/uploads\/2024\/05\/muttertag2024thumb-150x150.webp",150,150,true],"medium":["https:\/\/www.olympica.ch\/wp-content\/uploads\/2024\/05\/muttertag2024thumb-300x164.webp",300,164,true],"medium_large":["https:\/\/www.olympica.ch\/wp-content\/uploads\/2024\/05\/muttertag2024thumb-768x420.webp",768,420,true],"large":["https:\/\/www.olympica.ch\/wp-content\/uploads\/2024\/05\/muttertag2024thumb.webp",800,438,false],"1536x1536":["https:\/\/www.olympica.ch\/wp-content\/uploads\/2024\/05\/muttertag2024thumb.webp",800,438,false],"2048x2048":["https:\/\/www.olympica.ch\/wp-content\/uploads\/2024\/05\/muttertag2024thumb.webp",800,438,false]},"uagb_author_info":{"display_name":"Rico","author_link":"https:\/\/www.olympica.ch\/fr\/author\/rico\/"},"uagb_comment_info":0,"uagb_excerpt":"Le 10 mai, c'est la f\u00eate des m\u00e8res ! \ud83d\ude0d\ud83e\udd70\ud83c\udf39 Comme les ann\u00e9es pr\u00e9c\u00e9dentes, nous, \u00e0 l'Olympica, consacrerons cette journ\u00e9e particuli\u00e8re avec un menu sp\u00e9cial. \ud83e\udd42 Que diriez-vous d'un cadeau pour votre maman ador\u00e9e ? Le dimanche dans une semaine est l'occasion parfaite pour le faire. \ud83d\udc4d\u2764\ufe0f Et n'oubliez pas : il y a \u00e9galement\u2026","_links":{"self":[{"href":"https:\/\/www.olympica.ch\/fr\/wp-json\/wp\/v2\/posts\/6271","targetHints":{"allow":["GET"]}}],"collection":[{"href":"https:\/\/www.olympica.ch\/fr\/wp-json\/wp\/v2\/posts"}],"about":[{"href":"https:\/\/www.olympica.ch\/fr\/wp-json\/wp\/v2\/types\/post"}],"author":[{"embeddable":true,"href":"https:\/\/www.olympica.ch\/fr\/wp-json\/wp\/v2\/users\/3"}],"replies":[{"embeddable":true,"href":"https:\/\/www.olympica.ch\/fr\/wp-json\/wp\/v2\/comments?post=6271"}],"version-history":[{"count":1,"href":"https:\/\/www.olympica.ch\/fr\/wp-json\/wp\/v2\/posts\/6271\/revisions"}],"predecessor-version":[{"id":6272,"href":"https:\/\/www.olympica.ch\/fr\/wp-json\/wp\/v2\/posts\/6271\/revisions\/6272"}],"wp:featuredmedia":[{"embeddable":true,"href":"https:\/\/www.olympica.ch\/fr\/wp-json\/wp\/v2\/media\/3239"}],"wp:attachment":[{"href":"https:\/\/www.olympica.ch\/fr\/wp-json\/wp\/v2\/media?parent=6271"}],"wp:term":[{"taxonomy":"category","embeddable":true,"href":"https:\/\/www.olympica.ch\/fr\/wp-json\/wp\/v2\/categories?post=6271"},{"taxonomy":"post_tag","embeddable":true,"href":"https:\/\/www.olympica.ch\/fr\/wp-json\/wp\/v2\/tags?post=6271"}],"curies":[{"name":"wp","href":"https:\/\/api.w.org\/{rel}","templated":true}]}}